{"id":1218,"date":"2026-01-16T04:10:49","date_gmt":"2026-01-16T04:10:49","guid":{"rendered":"https:\/\/41347755.servicio-online.net\/?p=1218"},"modified":"2026-01-16T04:10:51","modified_gmt":"2026-01-16T04:10:51","slug":"nos-vemos-en-sepes-clinica-protocolos-de-trabajo-en-rehabilitacion-oral-2026","status":"publish","type":"post","link":"https:\/\/canetdental.com\/index.php\/2026\/01\/16\/nos-vemos-en-sepes-clinica-protocolos-de-trabajo-en-rehabilitacion-oral-2026\/","title":{"rendered":"Nos vemos en SEPES Cl\u00ednica \u2013 Protocolos de Trabajo en Rehabilitaci\u00f3n Oral 2026"},"content":{"rendered":"\n<p class=\"wp-block-paragraph\">En <strong>Canet Laboratorio Dental<\/strong> seguimos apostando por la formaci\u00f3n continua, la actualizaci\u00f3n t\u00e9cnica y la conexi\u00f3n directa con la comunidad odontol\u00f3gica.<br>Por eso, <strong>estaremos presentes en SEPES Cl\u00ednica \u2013 Protocolos de Trabajo en Rehabilitaci\u00f3n Oral 2026<\/strong>, un congreso de referencia centrado en la aplicaci\u00f3n cl\u00ednica real de los protocolos en rehabilitaci\u00f3n oral.<\/p>\n\n\n\n<p class=\"wp-block-paragraph\">Este encuentro reunir\u00e1 a profesionales del sector para compartir experiencias, criterios cl\u00ednicos y avances t\u00e9cnicos en pr\u00f3tesis, implantolog\u00eda y rehabilitaci\u00f3n compleja, con un enfoque pr\u00e1ctico y basado en evidencia.<\/p>\n\n\n\n<h3 class=\"wp-block-heading\">Un congreso alineado con nuestra forma de trabajar<\/h3>\n\n\n\n<p class=\"wp-block-paragraph\">La rehabilitaci\u00f3n oral exige hoy m\u00e1s que nunca <strong>precisi\u00f3n, planificaci\u00f3n y coordinaci\u00f3n entre cl\u00ednica y laboratorio<\/strong>. SEPES Cl\u00ednica se enfoca precisamente en esos pilares: protocolos claros, toma de decisiones fundamentadas y resultados predecibles.<\/p>\n\n\n\n<p class=\"wp-block-paragraph\">Para Canet, participar en este congreso representa una oportunidad para:<\/p>\n\n\n\n<ul class=\"wp-block-list\">\n<li>Mantenernos alineados con los <strong>est\u00e1ndares cl\u00ednicos actuales<\/strong><\/li>\n\n\n\n<li>Escuchar de primera mano las necesidades reales del odont\u00f3logo<\/li>\n\n\n\n<li>Compartir nuestra visi\u00f3n sobre <strong>flujos de trabajo optimizados y digitalizados<\/strong><\/li>\n\n\n\n<li>Seguir fortaleciendo relaciones profesionales dentro del sector<\/li>\n<\/ul>\n\n\n\n<h3 class=\"wp-block-heading\">Formaci\u00f3n, criterio y evoluci\u00f3n constante<\/h3>\n\n\n\n<p class=\"wp-block-paragraph\">Creemos firmemente que la excelencia t\u00e9cnica no es est\u00e1tica. Evoluciona con la formaci\u00f3n, el intercambio de conocimiento y la revisi\u00f3n constante de los procesos.<\/p>\n\n\n\n<p class=\"wp-block-paragraph\">Eventos como SEPES Cl\u00ednica nos permiten <strong>seguir creciendo como laboratorio<\/strong>, reforzando nuestro compromiso con soluciones prot\u00e9sicas que combinan est\u00e9tica, funcionalidad y precisi\u00f3n t\u00e9cnica.<\/p>\n\n\n\n<p class=\"wp-block-paragraph\">\ud83d\udccd <strong>Barcelona<\/strong><br>\ud83d\udcc5 <strong>17 y 18 de abril de 2026<\/strong><\/p>\n\n\n\n<p class=\"wp-block-paragraph\">Nos vemos all\u00ed para seguir construyendo el futuro de la rehabilitaci\u00f3n oral, desde el criterio cl\u00ednico y la excelencia t\u00e9cnica.<\/p>\n","protected":false},"excerpt":{"rendered":"<p>En Canet Laboratorio Dental seguimos apostando por la formaci\u00f3n continua, la actualizaci\u00f3n t\u00e9cnica y la conexi\u00f3n directa con la comunidad odontol\u00f3gica.Por eso, estaremos presentes en SEPES Cl\u00ednica \u2013 Protocolos de Trabajo en Rehabilitaci\u00f3n Oral 2026, un congreso de referencia centrado en la aplicaci\u00f3n cl\u00ednica real de los protocolos en rehabilitaci\u00f3n oral. Este encuentro reunir\u00e1 a&#8230;<\/p>\n","protected":false},"author":1,"featured_media":0,"comment_status":"open","ping_status":"open","sticky":false,"template":"","format":"standard","meta":{"_kad_post_transparent":"","_kad_post_title":"","_kad_post_layout":"","_kad_post_sidebar_id":"","_kad_post_content_style":"","_kad_post_vertical_padding":"","_kad_post_feature":"","_kad_post_feature_position":"","_kad_post_header":false,"_kad_post_footer":false,"footnotes":""},"categories":[1],"tags":[],"class_list":["post-1218","post","type-post","status-publish","format-standard","hentry","category-uncategorized"],"yoast_head":"<!-- This site is optimized with the Yoast SEO plugin v26.7 - https:\/\/yoast.com\/wordpress\/plugins\/seo\/ -->\n<title>Nos vemos en SEPES Cl\u00ednica 2026 - Barcelona<\/title>\n<meta name=\"description\" content=\"Canet estar\u00e1 presente en SEPES Cl\u00ednica 2026 en Barcelona, congreso clave sobre protocolos de rehabilitaci\u00f3n oral, pr\u00f3tesis e implantolog\u00eda.\" \/>\n<meta name=\"robots\" content=\"index, follow, max-snippet:-1, max-image-preview:large, max-video-preview:-1\" \/>\n<link rel=\"canonical\" href=\"https:\/\/canetdental.com\/index.php\/2026\/01\/16\/nos-vemos-en-sepes-clinica-protocolos-de-trabajo-en-rehabilitacion-oral-2026\/\" \/>\n<meta property=\"og:locale\" content=\"es_ES\" \/>\n<meta property=\"og:type\" content=\"article\" \/>\n<meta property=\"og:title\" content=\"Nos vemos en SEPES Cl\u00ednica 2026 - Barcelona\" \/>\n<meta property=\"og:description\" content=\"Canet estar\u00e1 presente en SEPES Cl\u00ednica 2026 en Barcelona, congreso clave sobre protocolos de rehabilitaci\u00f3n oral, pr\u00f3tesis e implantolog\u00eda.\" \/>\n<meta property=\"og:url\" content=\"https:\/\/canetdental.com\/index.php\/2026\/01\/16\/nos-vemos-en-sepes-clinica-protocolos-de-trabajo-en-rehabilitacion-oral-2026\/\" \/>\n<meta property=\"og:site_name\" content=\"Canet Laboratorio Dental\" \/>\n<meta property=\"article:publisher\" content=\"https:\/\/www.facebook.com\/canetlabdental\/\" \/>\n<meta property=\"article:published_time\" content=\"2026-01-16T04:10:49+00:00\" \/>\n<meta property=\"article:modified_time\" content=\"2026-01-16T04:10:51+00:00\" \/>\n<meta name=\"author\" content=\"admin\" \/>\n<meta name=\"twitter:card\" content=\"summary_large_image\" \/>\n<meta name=\"twitter:label1\" content=\"Escrito por\" \/>\n\t<meta name=\"twitter:data1\" content=\"admin\" \/>\n\t<meta name=\"twitter:label2\" content=\"Tiempo de lectura\" \/>\n\t<meta name=\"twitter:data2\" content=\"2 minutos\" \/>\n<script type=\"application\/ld+json\" class=\"yoast-schema-graph\">{\"@context\":\"https:\/\/schema.org\",\"@graph\":[{\"@type\":\"Article\",\"@id\":\"https:\/\/canetdental.com\/index.php\/2026\/01\/16\/nos-vemos-en-sepes-clinica-protocolos-de-trabajo-en-rehabilitacion-oral-2026\/#article\",\"isPartOf\":{\"@id\":\"https:\/\/canetdental.com\/index.php\/2026\/01\/16\/nos-vemos-en-sepes-clinica-protocolos-de-trabajo-en-rehabilitacion-oral-2026\/\"},\"author\":{\"name\":\"admin\",\"@id\":\"https:\/\/canetdental.com\/#\/schema\/person\/e1142d6cfdd98246c0674608728c6253\"},\"headline\":\"Nos vemos en SEPES Cl\u00ednica \u2013 Protocolos de Trabajo en Rehabilitaci\u00f3n Oral 2026\",\"datePublished\":\"2026-01-16T04:10:49+00:00\",\"dateModified\":\"2026-01-16T04:10:51+00:00\",\"mainEntityOfPage\":{\"@id\":\"https:\/\/canetdental.com\/index.php\/2026\/01\/16\/nos-vemos-en-sepes-clinica-protocolos-de-trabajo-en-rehabilitacion-oral-2026\/\"},\"wordCount\":294,\"commentCount\":0,\"publisher\":{\"@id\":\"https:\/\/canetdental.com\/#organization\"},\"articleSection\":[\"Uncategorized\"],\"inLanguage\":\"es\",\"potentialAction\":[{\"@type\":\"CommentAction\",\"name\":\"Comment\",\"target\":[\"https:\/\/canetdental.com\/index.php\/2026\/01\/16\/nos-vemos-en-sepes-clinica-protocolos-de-trabajo-en-rehabilitacion-oral-2026\/#respond\"]}]},{\"@type\":\"WebPage\",\"@id\":\"https:\/\/canetdental.com\/index.php\/2026\/01\/16\/nos-vemos-en-sepes-clinica-protocolos-de-trabajo-en-rehabilitacion-oral-2026\/\",\"url\":\"https:\/\/canetdental.com\/index.php\/2026\/01\/16\/nos-vemos-en-sepes-clinica-protocolos-de-trabajo-en-rehabilitacion-oral-2026\/\",\"name\":\"Nos vemos en SEPES Cl\u00ednica 2026 - Barcelona\",\"isPartOf\":{\"@id\":\"https:\/\/canetdental.com\/#website\"},\"datePublished\":\"2026-01-16T04:10:49+00:00\",\"dateModified\":\"2026-01-16T04:10:51+00:00\",\"description\":\"Canet estar\u00e1 presente en SEPES Cl\u00ednica 2026 en Barcelona, congreso clave sobre protocolos de rehabilitaci\u00f3n oral, pr\u00f3tesis e implantolog\u00eda.\",\"breadcrumb\":{\"@id\":\"https:\/\/canetdental.com\/index.php\/2026\/01\/16\/nos-vemos-en-sepes-clinica-protocolos-de-trabajo-en-rehabilitacion-oral-2026\/#breadcrumb\"},\"inLanguage\":\"es\",\"potentialAction\":[{\"@type\":\"ReadAction\",\"target\":[\"https:\/\/canetdental.com\/index.php\/2026\/01\/16\/nos-vemos-en-sepes-clinica-protocolos-de-trabajo-en-rehabilitacion-oral-2026\/\"]}]},{\"@type\":\"BreadcrumbList\",\"@id\":\"https:\/\/canetdental.com\/index.php\/2026\/01\/16\/nos-vemos-en-sepes-clinica-protocolos-de-trabajo-en-rehabilitacion-oral-2026\/#breadcrumb\",\"itemListElement\":[{\"@type\":\"ListItem\",\"position\":1,\"name\":\"Portada\",\"item\":\"https:\/\/canetdental.com\/\"},{\"@type\":\"ListItem\",\"position\":2,\"name\":\"Nos vemos en SEPES Cl\u00ednica \u2013 Protocolos de Trabajo en Rehabilitaci\u00f3n Oral 2026\"}]},{\"@type\":\"WebSite\",\"@id\":\"https:\/\/canetdental.com\/#website\",\"url\":\"https:\/\/canetdental.com\/\",\"name\":\"Canet Laboratorio Dental\",\"description\":\"\",\"publisher\":{\"@id\":\"https:\/\/canetdental.com\/#organization\"},\"potentialAction\":[{\"@type\":\"SearchAction\",\"target\":{\"@type\":\"EntryPoint\",\"urlTemplate\":\"https:\/\/canetdental.com\/?s={search_term_string}\"},\"query-input\":{\"@type\":\"PropertyValueSpecification\",\"valueRequired\":true,\"valueName\":\"search_term_string\"}}],\"inLanguage\":\"es\"},{\"@type\":\"Organization\",\"@id\":\"https:\/\/canetdental.com\/#organization\",\"name\":\"Canet Laboratorio Dental\",\"url\":\"https:\/\/canetdental.com\/\",\"logo\":{\"@type\":\"ImageObject\",\"inLanguage\":\"es\",\"@id\":\"https:\/\/canetdental.com\/#\/schema\/logo\/image\/\",\"url\":\"https:\/\/canetdental.com\/wp-content\/uploads\/2025\/10\/cropped-Recurso-9.webp\",\"contentUrl\":\"https:\/\/canetdental.com\/wp-content\/uploads\/2025\/10\/cropped-Recurso-9.webp\",\"width\":821,\"height\":259,\"caption\":\"Canet Laboratorio Dental\"},\"image\":{\"@id\":\"https:\/\/canetdental.com\/#\/schema\/logo\/image\/\"},\"sameAs\":[\"https:\/\/www.facebook.com\/canetlabdental\/\",\"https:\/\/www.instagram.com\/canetlaboratoriodental\"]},{\"@type\":\"Person\",\"@id\":\"https:\/\/canetdental.com\/#\/schema\/person\/e1142d6cfdd98246c0674608728c6253\",\"name\":\"admin\",\"image\":{\"@type\":\"ImageObject\",\"inLanguage\":\"es\",\"@id\":\"https:\/\/canetdental.com\/#\/schema\/person\/image\/\",\"url\":\"https:\/\/secure.gravatar.com\/avatar\/540561bf55269c0f1941e99317617746734eea4200d35fe9dbd80fd4a70e8450?s=96&d=mm&r=g\",\"contentUrl\":\"https:\/\/secure.gravatar.com\/avatar\/540561bf55269c0f1941e99317617746734eea4200d35fe9dbd80fd4a70e8450?s=96&d=mm&r=g\",\"caption\":\"admin\"},\"sameAs\":[\"https:\/\/canetdental.com\"],\"url\":\"https:\/\/canetdental.com\/index.php\/author\/labcanet_dos0mxkv\/\"}]}<\/script>\n<!-- \/ Yoast SEO plugin. -->","yoast_head_json":{"title":"Nos vemos en SEPES Cl\u00ednica 2026 - Barcelona","description":"Canet estar\u00e1 presente en SEPES Cl\u00ednica 2026 en Barcelona, congreso clave sobre protocolos de rehabilitaci\u00f3n oral, pr\u00f3tesis e implantolog\u00eda.","robots":{"index":"index","follow":"follow","max-snippet":"max-snippet:-1","max-image-preview":"max-image-preview:large","max-video-preview":"max-video-preview:-1"},"canonical":"https:\/\/canetdental.com\/index.php\/2026\/01\/16\/nos-vemos-en-sepes-clinica-protocolos-de-trabajo-en-rehabilitacion-oral-2026\/","og_locale":"es_ES","og_type":"article","og_title":"Nos vemos en SEPES Cl\u00ednica 2026 - Barcelona","og_description":"Canet estar\u00e1 presente en SEPES Cl\u00ednica 2026 en Barcelona, congreso clave sobre protocolos de rehabilitaci\u00f3n oral, pr\u00f3tesis e implantolog\u00eda.","og_url":"https:\/\/canetdental.com\/index.php\/2026\/01\/16\/nos-vemos-en-sepes-clinica-protocolos-de-trabajo-en-rehabilitacion-oral-2026\/","og_site_name":"Canet Laboratorio Dental","article_publisher":"https:\/\/www.facebook.com\/canetlabdental\/","article_published_time":"2026-01-16T04:10:49+00:00","article_modified_time":"2026-01-16T04:10:51+00:00","author":"admin","twitter_card":"summary_large_image","twitter_misc":{"Escrito por":"admin","Tiempo de lectura":"2 minutos"},"schema":{"@context":"https:\/\/schema.org","@graph":[{"@type":"Article","@id":"https:\/\/canetdental.com\/index.php\/2026\/01\/16\/nos-vemos-en-sepes-clinica-protocolos-de-trabajo-en-rehabilitacion-oral-2026\/#article","isPartOf":{"@id":"https:\/\/canetdental.com\/index.php\/2026\/01\/16\/nos-vemos-en-sepes-clinica-protocolos-de-trabajo-en-rehabilitacion-oral-2026\/"},"author":{"name":"admin","@id":"https:\/\/canetdental.com\/#\/schema\/person\/e1142d6cfdd98246c0674608728c6253"},"headline":"Nos vemos en SEPES Cl\u00ednica \u2013 Protocolos de Trabajo en Rehabilitaci\u00f3n Oral 2026","datePublished":"2026-01-16T04:10:49+00:00","dateModified":"2026-01-16T04:10:51+00:00","mainEntityOfPage":{"@id":"https:\/\/canetdental.com\/index.php\/2026\/01\/16\/nos-vemos-en-sepes-clinica-protocolos-de-trabajo-en-rehabilitacion-oral-2026\/"},"wordCount":294,"commentCount":0,"publisher":{"@id":"https:\/\/canetdental.com\/#organization"},"articleSection":["Uncategorized"],"inLanguage":"es","potentialAction":[{"@type":"CommentAction","name":"Comment","target":["https:\/\/canetdental.com\/index.php\/2026\/01\/16\/nos-vemos-en-sepes-clinica-protocolos-de-trabajo-en-rehabilitacion-oral-2026\/#respond"]}]},{"@type":"WebPage","@id":"https:\/\/canetdental.com\/index.php\/2026\/01\/16\/nos-vemos-en-sepes-clinica-protocolos-de-trabajo-en-rehabilitacion-oral-2026\/","url":"https:\/\/canetdental.com\/index.php\/2026\/01\/16\/nos-vemos-en-sepes-clinica-protocolos-de-trabajo-en-rehabilitacion-oral-2026\/","name":"Nos vemos en SEPES Cl\u00ednica 2026 - Barcelona","isPartOf":{"@id":"https:\/\/canetdental.com\/#website"},"datePublished":"2026-01-16T04:10:49+00:00","dateModified":"2026-01-16T04:10:51+00:00","description":"Canet estar\u00e1 presente en SEPES Cl\u00ednica 2026 en Barcelona, congreso clave sobre protocolos de rehabilitaci\u00f3n oral, pr\u00f3tesis e implantolog\u00eda.","breadcrumb":{"@id":"https:\/\/canetdental.com\/index.php\/2026\/01\/16\/nos-vemos-en-sepes-clinica-protocolos-de-trabajo-en-rehabilitacion-oral-2026\/#breadcrumb"},"inLanguage":"es","potentialAction":[{"@type":"ReadAction","target":["https:\/\/canetdental.com\/index.php\/2026\/01\/16\/nos-vemos-en-sepes-clinica-protocolos-de-trabajo-en-rehabilitacion-oral-2026\/"]}]},{"@type":"BreadcrumbList","@id":"https:\/\/canetdental.com\/index.php\/2026\/01\/16\/nos-vemos-en-sepes-clinica-protocolos-de-trabajo-en-rehabilitacion-oral-2026\/#breadcrumb","itemListElement":[{"@type":"ListItem","position":1,"name":"Portada","item":"https:\/\/canetdental.com\/"},{"@type":"ListItem","position":2,"name":"Nos vemos en SEPES Cl\u00ednica \u2013 Protocolos de Trabajo en Rehabilitaci\u00f3n Oral 2026"}]},{"@type":"WebSite","@id":"https:\/\/canetdental.com\/#website","url":"https:\/\/canetdental.com\/","name":"Canet Laboratorio Dental","description":"","publisher":{"@id":"https:\/\/canetdental.com\/#organization"},"potentialAction":[{"@type":"SearchAction","target":{"@type":"EntryPoint","urlTemplate":"https:\/\/canetdental.com\/?s={search_term_string}"},"query-input":{"@type":"PropertyValueSpecification","valueRequired":true,"valueName":"search_term_string"}}],"inLanguage":"es"},{"@type":"Organization","@id":"https:\/\/canetdental.com\/#organization","name":"Canet Laboratorio Dental","url":"https:\/\/canetdental.com\/","logo":{"@type":"ImageObject","inLanguage":"es","@id":"https:\/\/canetdental.com\/#\/schema\/logo\/image\/","url":"https:\/\/canetdental.com\/wp-content\/uploads\/2025\/10\/cropped-Recurso-9.webp","contentUrl":"https:\/\/canetdental.com\/wp-content\/uploads\/2025\/10\/cropped-Recurso-9.webp","width":821,"height":259,"caption":"Canet Laboratorio Dental"},"image":{"@id":"https:\/\/canetdental.com\/#\/schema\/logo\/image\/"},"sameAs":["https:\/\/www.facebook.com\/canetlabdental\/","https:\/\/www.instagram.com\/canetlaboratoriodental"]},{"@type":"Person","@id":"https:\/\/canetdental.com\/#\/schema\/person\/e1142d6cfdd98246c0674608728c6253","name":"admin","image":{"@type":"ImageObject","inLanguage":"es","@id":"https:\/\/canetdental.com\/#\/schema\/person\/image\/","url":"https:\/\/secure.gravatar.com\/avatar\/540561bf55269c0f1941e99317617746734eea4200d35fe9dbd80fd4a70e8450?s=96&d=mm&r=g","contentUrl":"https:\/\/secure.gravatar.com\/avatar\/540561bf55269c0f1941e99317617746734eea4200d35fe9dbd80fd4a70e8450?s=96&d=mm&r=g","caption":"admin"},"sameAs":["https:\/\/canetdental.com"],"url":"https:\/\/canetdental.com\/index.php\/author\/labcanet_dos0mxkv\/"}]}},"_links":{"self":[{"href":"https:\/\/canetdental.com\/index.php\/wp-json\/wp\/v2\/posts\/1218","targetHints":{"allow":["GET"]}}],"collection":[{"href":"https:\/\/canetdental.com\/index.php\/wp-json\/wp\/v2\/posts"}],"about":[{"href":"https:\/\/canetdental.com\/index.php\/wp-json\/wp\/v2\/types\/post"}],"author":[{"embeddable":true,"href":"https:\/\/canetdental.com\/index.php\/wp-json\/wp\/v2\/users\/1"}],"replies":[{"embeddable":true,"href":"https:\/\/canetdental.com\/index.php\/wp-json\/wp\/v2\/comments?post=1218"}],"version-history":[{"count":1,"href":"https:\/\/canetdental.com\/index.php\/wp-json\/wp\/v2\/posts\/1218\/revisions"}],"predecessor-version":[{"id":1220,"href":"https:\/\/canetdental.com\/index.php\/wp-json\/wp\/v2\/posts\/1218\/revisions\/1220"}],"wp:attachment":[{"href":"https:\/\/canetdental.com\/index.php\/wp-json\/wp\/v2\/media?parent=1218"}],"wp:term":[{"taxonomy":"category","embeddable":true,"href":"https:\/\/canetdental.com\/index.php\/wp-json\/wp\/v2\/categories?post=1218"},{"taxonomy":"post_tag","embeddable":true,"href":"https:\/\/canetdental.com\/index.php\/wp-json\/wp\/v2\/tags?post=1218"}],"curies":[{"name":"wp","href":"https:\/\/api.w.org\/{rel}","templated":true}]}}